{"id":82,"date":"2026-01-15T14:32:40","date_gmt":"2026-01-15T14:32:40","guid":{"rendered":"https:\/\/torkelstad.org\/wp1\/?p=82"},"modified":"2026-01-15T14:32:40","modified_gmt":"2026-01-15T14:32:40","slug":"arsmote-2026","status":"publish","type":"post","link":"https:\/\/torkelstad.org\/wp1\/blog\/2026\/01\/15\/arsmote-2026\/","title":{"rendered":"\u00c5rsm\u00f8te 2026"},"content":{"rendered":"\n<p>\u00c5rsm\u00f8tet 2026 er planlagt i l\u00f8pet av juni 2026. Alle vil bli grundig innkalt. <\/p>\n\n\n\n<p>Eksakt dato kan bli styrt av n\u00e5r auditoriet p\u00e5 Tomb er ledig<\/p>\n\n\n\n<p>Det vil i allefall gjelde s\u00e5 lenge \u00e5rsm\u00f8ta er spennande nok til at mange vil delta. Kanskkje ein gong det blir s\u00e5rutine at vi kan \u00e5 \u00e5rsm\u00f8te p\u00e5 ein av terrassane, fordi berre styret er interessert. Det har eg opplevd i det f\u00f8rste sameiet eg var eigar i. \u00c5rsm\u00f8te var hos forretnngsf\u00f8rar, og det var styret pluss meg som m\u00f8tte fra,<\/p>\n\n\n\n<p>Ellers kan jo \u00e5rsm\u00f8tet ogs\u00e5 bli ein sosial samling for alle i onr\u00e5det. Ikkje \u00e5 forakte<\/p>\n\n\n\n<figure class=\"wp-block-image size-large\"><img loading=\"lazy\" decoding=\"async\" width=\"768\" height=\"1024\" src=\"https:\/\/torkelstad.org\/wp1\/wp-content\/uploads\/2026\/01\/IMG_20200626_141003-768x1024.jpg\" alt=\"Bilde fra \u00e5rsm\u00f8te ein gong\" class=\"wp-image-66\" srcset=\"https:\/\/torkelstad.org\/wp1\/wp-content\/uploads\/2026\/01\/IMG_20200626_141003-768x1024.jpg 768w, https:\/\/torkelstad.org\/wp1\/wp-content\/uploads\/2026\/01\/IMG_20200626_141003-225x300.jpg 225w, https:\/\/torkelstad.org\/wp1\/wp-content\/uploads\/2026\/01\/IMG_20200626_141003-1152x1536.jpg 1152w, https:\/\/torkelstad.org\/wp1\/wp-content\/uploads\/2026\/01\/IMG_20200626_141003-1536x2048.jpg 1536w, https:\/\/torkelstad.org\/wp1\/wp-content\/uploads\/2026\/01\/IMG_20200626_141003-scaled.jpg 1920w\" sizes=\"auto, (max-width: 768px) 100vw, 768px\" \/><figcaption class=\"wp-element-caption\">Dette er fra stiftingsm\u00f8tet trur eg<\/figcaption><\/figure>\n","protected":false},"excerpt":{"rendered":"<p>\u00c5rsm\u00f8tet 2026 er planlagt i l\u00f8pet av juni 2026. Alle vil bli grundig innkalt. Eksakt dato kan bli styrt av n\u00e5r auditoriet p\u00e5 Tomb er ledig Det vil i allefall gjelde s\u00e5 lenge \u00e5rsm\u00f8ta er spennande nok til at mange vil delta. Kanskkje ein gong det blir s\u00e5rutine at vi kan \u00e5 \u00e5rsm\u00f8te p\u00e5 ein [&hellip;]<\/p>\n","protected":false},"author":1,"featured_media":0,"comment_status":"open","ping_status":"open","sticky":false,"template":"","format":"standard","meta":{"pagelayer_contact_templates":[],"_pagelayer_content":"","footnotes":""},"categories":[1],"tags":[],"class_list":["post-82","post","type-post","status-publish","format-standard","hentry","category-uncategorized"],"_links":{"self":[{"href":"https:\/\/torkelstad.org\/wp1\/wp-json\/wp\/v2\/posts\/82","targetHints":{"allow":["GET"]}}],"collection":[{"href":"https:\/\/torkelstad.org\/wp1\/wp-json\/wp\/v2\/posts"}],"about":[{"href":"https:\/\/torkelstad.org\/wp1\/wp-json\/wp\/v2\/types\/post"}],"author":[{"embeddable":true,"href":"https:\/\/torkelstad.org\/wp1\/wp-json\/wp\/v2\/users\/1"}],"replies":[{"embeddable":true,"href":"https:\/\/torkelstad.org\/wp1\/wp-json\/wp\/v2\/comments?post=82"}],"version-history":[{"count":1,"href":"https:\/\/torkelstad.org\/wp1\/wp-json\/wp\/v2\/posts\/82\/revisions"}],"predecessor-version":[{"id":83,"href":"https:\/\/torkelstad.org\/wp1\/wp-json\/wp\/v2\/posts\/82\/revisions\/83"}],"wp:attachment":[{"href":"https:\/\/torkelstad.org\/wp1\/wp-json\/wp\/v2\/media?parent=82"}],"wp:term":[{"taxonomy":"category","embeddable":true,"href":"https:\/\/torkelstad.org\/wp1\/wp-json\/wp\/v2\/categories?post=82"},{"taxonomy":"post_tag","embeddable":true,"href":"https:\/\/torkelstad.org\/wp1\/wp-json\/wp\/v2\/tags?post=82"}],"curies":[{"name":"wp","href":"https:\/\/api.w.org\/{rel}","templated":true}]}}